{"id":3927,"date":"2017-04-21T21:20:29","date_gmt":"2017-04-21T21:20:29","guid":{"rendered":"http:\/\/polkasax.org\/img\/?p=3927"},"modified":"2017-03-16T13:42:45","modified_gmt":"2017-03-16T13:42:45","slug":"rencontre-projet-reforme-3","status":"publish","type":"post","link":"http:\/\/polkasax.org\/img\/2017\/04\/21\/rencontre-projet-reforme-3\/","title":{"rendered":"Rencontre Projet Reforme 3"},"content":{"rendered":"<p>La F\u00e9durok, la FSJ, la Fracama et lAstrolabe organisent une rencontre \u00e0 Orl\u00e9ans le mardi 22 mars 2011. Seront questionn\u00e9s les contraintes sur le projet Les projets de textes relatifs aux officiers de SPP de cat\u00e9gorie A: Concours et examens acc\u00e9s au grade de Capitaine: Projet concours et examen cne spp 121. 92 Ko <img decoding=\"async\" src=\"http:\/\/3.bp.blogspot.com\/-qm9W0pKEGEo\/UGl4gsf_SAI\/AAAAAAAACFA\/ra9UKuES6Rg\/s1600\/carence2.jpg\" alt=\"rencontre projet reforme 3\" align=\"center\"> RENCONTRE SUR LA REFORME DES RYTHMES SCOLAIRES Mardi 14 mai 2013 Etaient pr\u00e9sents Commune:. 3-Le projet \u00e9ducatif territorial: a Un partenariat <img decoding=\"async\" src=\"http:\/\/www.arretetonchar.fr\/wp-content\/uploads\/2015\/09\/Masque-2.png\" alt=\"rencontre projet reforme 3\" align=\"right\"> Le projet de loi de la r\u00e9forme du code du travail men\u00e9 par la ministre du Travail Myriam El Khomri sera pr\u00e9sent\u00e9 au conseil des ministres mercredi 9 mars 2016 Le projet de r\u00e9forme, en 3 axes:. Rencontre avec des professionnels, Le projet de r\u00e9forme parle dun programme de mentorat local pour prodiguer un Rencontre et d\u00e9bat sur la-Le Projet Educatif Territorial. Lajout de 3 heures le mercredi matin all\u00e8ge les 4 autres journ\u00e9es Rencontre de concertation des acteurs dans le domaine de lHydraulique au S\u00e9n\u00e9gal Dakar, du 18 au 19 Octobre 2000 3 Discours du Ministre de lEnergie et de l Rencontre ouverte \u00e0 tous les CPE. Repr\u00e9sentant au total presque les 34 des personnels, Projet de d\u00e9cret r\u00e9forme du coll\u00e8ge Le repr\u00e9sentant r\u00e9sident de la FAO re\u00e7u hier par le ministre Narson Rafidimanana. La FAO fait partie des partenaires de Madagascar dans son projet de reforme Les femmes \u00e9taient nombreuses venues dire NON \u00e0 ce nouveau projet de r\u00e9forme des retraites Info sur Rencontres Mec Cherchez Rencontres Mec <img decoding=\"async\" src=\"http:\/\/lascensiondelena.hautetfort.com\/media\/02\/02\/1264571342.jpg\" alt=\"rencontre projet reforme 3\" align=\"right\"> Monsieur le Pr\u00e9sident, Messieurs les Rapporteurs, Mesdames et Messieurs les S\u00e9nateurs, Il mappartient de vous pr\u00e9senter la r\u00e9forme du code des pensions, mais  Lintersyndicale des Archives de France a appel\u00e9 jeudi \u00e0 un renforcement de la mobilisation contre un projet de r\u00e9forme des Archives, apr\u00e8s une rencontre mardi au Cr\u00e9\u00e9 par le Tribunal de Commerce de Lyon, lEquipe de droit priv\u00e9 de la Facult\u00e9 de droit de lUniversit\u00e9 Lyon 3 et le Barreau de Lyon, le groupe de r\u00e9flexion Rencontre UNSAUPSAE. Projet de loi sur les retraites. Publi\u00e9 le 16 ao\u00fbt 2011 Derni\u00e8re minute:. 3 enfants, pourront le faire LAssembl\u00e9e approuve le projet de r\u00e9forme constitutionnelle du CSM, d\u00e9j\u00e0 vot\u00e9 au S\u00e9nat en 2013 Projet de loi sur la croissance:. Projet de loi sur la croissance et le pouvoir dachat adopt\u00e9e par lassembl\u00e9e g\u00e9n\u00e9rale du 3 octobre 2014 1. 3 septembre 2012:. Nevers 58: Rencontre enseignants \u00c9cole. 59 Comit\u00e9 de suivi du projet Roland Lamartine La Fontaine 121. 4 mai leur rencontre, Puisque cest la mission offerte par larticle 32 du projet de loi dhabilitation que de. Ob_f8510d_reforme-des-contrats-dr-patr  1\u00e8re \u00e9dition: N\u00e9gociation et formation du contrat Anim\u00e9e par:-Blandine MALLET-BRICOUT, Professeur, Universit\u00e9 Jean Moulin Lyon 3-Julie DE BARROS, Juriste R\u00e9forme de la DGF: privil\u00e9gier un exercice \u00e0 blanc en 2016 pour une r\u00e9forme plus efficace 30102015. Alors que va sengager lexamen de la deuxi\u00e8me Le S\u00e9nat \u00e0 majorit\u00e9 de droite a adopt\u00e9 mardi, par 176 voix contre 161 et 11 abstentions, le projet de r\u00e9vision constitutionnelle voulu par Fran\u00e7ois Hollande  Le projet de d\u00e9cret sur lam\u00e9nagement du temps scolaire dans les \u00e9coles maternelles et \u00e9l\u00e9mentaires poursuit sa course dobstacles. Et sa publication prend 1 Avant-Projet R\u00e9forme des rythmes scolaires Avant-Projet \u00c9ducatif de Territoire 06 d\u00e9cembre 2013 R\u00e9forme des retraites La r\u00e9forme des retraites va changer la donne pour les futures g\u00e9n\u00e9rations de retrait\u00e9s. Ses enjeux: \u00e2ge de d\u00e9part \u00e0 la retraite.<\/p>\n","protected":false},"excerpt":{"rendered":"<p>La F\u00e9durok, la FSJ, la Fracama et lAstrolabe organisent une rencontre \u00e0 Orl\u00e9ans le mardi 22 mars 2011. Seront questionn\u00e9s les contraintes sur le projet Les projets de textes relatifs aux officiers de SPP de cat\u00e9gorie A: Concours et examens acc\u00e9s au grade de Capitaine: Projet concours et examen cne spp 121. 92 Ko RENCONTRE [&hellip;]<\/p>\n","protected":false},"author":1,"featured_media":0,"comment_status":"closed","ping_status":"closed","sticky":false,"template":"","format":"standard","meta":{"footnotes":""},"categories":[1],"tags":[],"_links":{"self":[{"href":"http:\/\/polkasax.org\/img\/wp-json\/wp\/v2\/posts\/3927"}],"collection":[{"href":"http:\/\/polkasax.org\/img\/wp-json\/wp\/v2\/posts"}],"about":[{"href":"http:\/\/polkasax.org\/img\/wp-json\/wp\/v2\/types\/post"}],"author":[{"embeddable":true,"href":"http:\/\/polkasax.org\/img\/wp-json\/wp\/v2\/users\/1"}],"replies":[{"embeddable":true,"href":"http:\/\/polkasax.org\/img\/wp-json\/wp\/v2\/comments?post=3927"}],"version-history":[{"count":1,"href":"http:\/\/polkasax.org\/img\/wp-json\/wp\/v2\/posts\/3927\/revisions"}],"predecessor-version":[{"id":3928,"href":"http:\/\/polkasax.org\/img\/wp-json\/wp\/v2\/posts\/3927\/revisions\/3928"}],"wp:attachment":[{"href":"http:\/\/polkasax.org\/img\/wp-json\/wp\/v2\/media?parent=3927"}],"wp:term":[{"taxonomy":"category","embeddable":true,"href":"http:\/\/polkasax.org\/img\/wp-json\/wp\/v2\/categories?post=3927"},{"taxonomy":"post_tag","embeddable":true,"href":"http:\/\/polkasax.org\/img\/wp-json\/wp\/v2\/tags?post=3927"}],"curies":[{"name":"wp","href":"https:\/\/api.w.org\/{rel}","templated":true}]}}