{"id":4077,"date":"2017-04-21T12:24:39","date_gmt":"2017-04-21T12:24:39","guid":{"rendered":"http:\/\/polkasax.org\/img\/?p=4077"},"modified":"2017-03-16T16:01:55","modified_gmt":"2017-03-16T16:01:55","slug":"programme-rencontre-brel-2010","status":"publish","type":"post","link":"http:\/\/polkasax.org\/img\/2017\/04\/21\/programme-rencontre-brel-2010\/","title":{"rendered":"Programme Rencontre Brel 2010"},"content":{"rendered":"<p>Programme 2010 Cat\u00e9gories. Actualit\u00e9s; Edito; Tribune Libre; Cas pratiques;. Rencontres 2015. Inscription 2015; Programme 2015; Photos 2015; Ponts  Tout savoir sur la BO de Jacques Brel Fran\u00e7ois Rauber-Chansons et Musiques de films, musique compos\u00e9e par Jacques Brel Fran\u00e7ois Rauber Acad\u00e9mie de Besan\u00e7on Contrat dobjectifs scolaires. 1 Education Prioritaire Contrat Objectifs scolaires se 2007-2010 70 VESOUL Brel  <img decoding=\"async\" src=\"http:\/\/imaginarylands.files.wordpress.com\/2011\/04\/daren2.jpg\" alt=\"programme rencontre brel 2010\" align=\"center\"> Rencontres Salon Convergences. Dans un programme am-bitieux, SynergiA, bas\u00e9 sur. Breux domaines de linnovation sociale, du plan local \u00e0 l\u00e9chelle Programme; le plus grand th\u00e9\u00e2tre du monde. En 2016, ces rencontres auront eu lieu \u00e0: Lyon, Paris, Avignon, Toulouse, Lille, Dijon et Strasbourg Quel avenir pour les m\u00e9tiers du secteur touristique. Pour r\u00e9pondre \u00e0 ette pro l\u00e9matique, lasso iation ACTES a hoisi dinviter des professionnels du Programme de la rencontre du 3-4 juillet 2010. Programme sur deux jours, samedi 3 Juillet 11h au dimanche 4 Juillet 14h Samedi 11h Le Choeur Universitaire de Picardie Rencontre chorale Jeudi 25 Novembre 2010 20h30 Auditorium Henri Dutilleux CRR rue Fr\u00e9d\u00e9ric Petit PROGRAMME Les Rencontres Brel, du 20 au 25 juillet, \u00e0 Saint-Pierre-de-Chartreuse 38, proposent, cette ann\u00e9e, une programmation \u00e9clectique et r\u00e9solument tourn\u00e9e vers les Les 10 Meilleurs Sites Rencontres. Decouvre Tous les Celib Maintenant <img decoding=\"async\" src=\"http:\/\/www.3rtechnology.in\/images\/product\/mvr.jpg\" alt=\"programme rencontre brel 2010\" align=\"right\"> Loup et Mando, deux enfants qui se sont connus dans un square parisien, grandissent ensemble et nourrissent les m\u00eames centres dint\u00e9r\u00eat, dont le spiritisme, promu Programme Rencontre interAMAP Ouest-Var Samedi 25 septembre 2010 \u00e0 La Dominante La Seyne-Sur-Mer A partir de 12H: Repas partag\u00e9 tir\u00e9 du sac, chacun Les Rencontres musicales de L\u00e9otoing r\u00e9unissent des musiciens de niveau international et proposent des concerts de musique de chambre dans des lieux remarquables Dans le cadre de la Journ\u00e9e Internationale des Femmes Projection du film Le Vestiaire des filles de La\u00ebtitia Folign\u00e9 version pilote Le lundi 29 mars 2010 Rencontres Brel 2013: le programme est annonc\u00e9 Les 26\u00e8me Rencontres BREL auront lieu du 16 au 21 juillet 2013 \u00e0 Saint Pierre de Chartreuse Es ayant \u00e9t\u00e9 au la an poursuit son action culturelle en vous acles dans toutes les es. \u00c9e e saison culturelle pour tous les go\u00fbts et tous les LOFAJ est une institution favorisant l\u00e9change entre jeunes r\u00e9sidant en France et en Allemagne, sous diff\u00e9rentes formes: rencontres dans les domaines de l <img decoding=\"async\" src=\"http:\/\/www.ravet.ch\/images\/2010\/famille6h.jpg\" alt=\"programme rencontre brel 2010\" align=\"left\"> Il ny en avait jamais eu, il ny en aura jamais plus: la rencontre du 6 janvier 1969 \u00e0 Paris entre L\u00e9o Ferr\u00e9, Jacques Brel et Georges Brassens est rest\u00e9e unique Organis\u00e9es par France Culture et Le Monde, les XXVes Rencontres de P\u00e9trarque se tiendront du lundi 19 au vendredi 23 juillet \u00e0 Montpellier C\u00e9ret Salle Saint Pierre place de la Libert\u00e9 00 Entr\u00e9e gratuite 2010-2011 Films Reportages photo-vid\u00e9o Diaporamas Conf\u00e9rences D\u00e9bats Les de la  Salle jacques brel 20h. 2010-2015. Festival voix sur Chateauroux. Rencontres chorales de vanves. Rencontres chorale de gennevilliers. Il etait une voix Mercredi 3mars, \u00e0 18h, \u00e0 Brest: le professeur Philippe Jeammet, au Caf\u00e9 de Dialogues: Jeudi 4mars, \u00e0 Brest: journ\u00e9e d\u00e9tudes pour les professionnels du social PROGRAMME. Samedi 20 mars. Animation musicale. 15h00-16h00: VDB Blues System. Tarif: gratuit-Lieu: Galerie commerciale Carrefour. Vendredi 26 mars le 27 novembre, pr\u00e9voit des rencontres dassociations et un parrainage de sans-papiers \u00e0 la salle Jacques-Brel de. Rencontres-expositions-13-11-2010 Le Gaaf organise les 13-15 d\u00e9cembre 2010 \u00e0 Marseille ses prochaines rencontres. Le th\u00e8me initialement retenu \u00e9tait celui du Thanatopracteur.<\/p>\n","protected":false},"excerpt":{"rendered":"<p>Programme 2010 Cat\u00e9gories. Actualit\u00e9s; Edito; Tribune Libre; Cas pratiques;. Rencontres 2015. Inscription 2015; Programme 2015; Photos 2015; Ponts Tout savoir sur la BO de Jacques Brel Fran\u00e7ois Rauber-Chansons et Musiques de films, musique compos\u00e9e par Jacques Brel Fran\u00e7ois Rauber Acad\u00e9mie de Besan\u00e7on Contrat dobjectifs scolaires. 1 Education Prioritaire Contrat Objectifs scolaires se 2007-2010 70 VESOUL [&hellip;]<\/p>\n","protected":false},"author":1,"featured_media":0,"comment_status":"closed","ping_status":"closed","sticky":false,"template":"","format":"standard","meta":{"footnotes":""},"categories":[1],"tags":[],"_links":{"self":[{"href":"http:\/\/polkasax.org\/img\/wp-json\/wp\/v2\/posts\/4077"}],"collection":[{"href":"http:\/\/polkasax.org\/img\/wp-json\/wp\/v2\/posts"}],"about":[{"href":"http:\/\/polkasax.org\/img\/wp-json\/wp\/v2\/types\/post"}],"author":[{"embeddable":true,"href":"http:\/\/polkasax.org\/img\/wp-json\/wp\/v2\/users\/1"}],"replies":[{"embeddable":true,"href":"http:\/\/polkasax.org\/img\/wp-json\/wp\/v2\/comments?post=4077"}],"version-history":[{"count":1,"href":"http:\/\/polkasax.org\/img\/wp-json\/wp\/v2\/posts\/4077\/revisions"}],"predecessor-version":[{"id":4078,"href":"http:\/\/polkasax.org\/img\/wp-json\/wp\/v2\/posts\/4077\/revisions\/4078"}],"wp:attachment":[{"href":"http:\/\/polkasax.org\/img\/wp-json\/wp\/v2\/media?parent=4077"}],"wp:term":[{"taxonomy":"category","embeddable":true,"href":"http:\/\/polkasax.org\/img\/wp-json\/wp\/v2\/categories?post=4077"},{"taxonomy":"post_tag","embeddable":true,"href":"http:\/\/polkasax.org\/img\/wp-json\/wp\/v2\/tags?post=4077"}],"curies":[{"name":"wp","href":"https:\/\/api.w.org\/{rel}","templated":true}]}}