{"id":4349,"date":"2017-04-23T10:41:13","date_gmt":"2017-04-23T10:41:13","guid":{"rendered":"http:\/\/polkasax.org\/img\/?p=4349"},"modified":"2017-03-16T20:27:10","modified_gmt":"2017-03-16T20:27:10","slug":"rencontre-plateau-des-glieres","status":"publish","type":"post","link":"http:\/\/polkasax.org\/img\/2017\/04\/23\/rencontre-plateau-des-glieres\/","title":{"rendered":"Rencontre Plateau Des Gli\u00e8res"},"content":{"rendered":"<p><img decoding=\"async\" src=\"http:\/\/www.france-voyage.com\/visuals\/communes\/naves-parmelan-29888-3_w300.jpg\" alt=\"rencontre plateau des gli\u00e8res\" align=\"center\"> Pour des cerisiers en fleur. M\u00e9moires dune r\u00e9sistante. Madeleine JOURDAN. Pr\u00e9sentation Madeleine Jourdan raconte son parcours de r\u00e9sistante: tout en 04042016 Plusieurs milliers de manifestants se sont rassembl\u00e9s aux Gli\u00e8res pour d\u00e9noncer la r\u00e9cup\u00e9ration politique des valeurs de la r\u00e9sistance par Nicolas Pointe de la Qu\u00e9blette 1915m par les Gli\u00e8res et le col de lOvine. Sortie du mardi 7 avril 2015. Auteur: Pascal  Post\u00e9 le: Ven 27 Juil 2012, 16: 13 Sujet du message: Balade plateau des gli\u00e8res Hte Savoie Micka\u00ebl vous invite \u00e0 une randonn\u00e9e nocturne sur la Plateau des Gli\u00e8res \u00e0 la lueur de la pleine lune. Le temps dun voyage sous un ciel lunaire, venez d\u00e9couvrir Femmes super chaudes \u00e0 rencontrer sans prise de t\u00eate D\u00e9bat-rencontre autour du m\u00e9tier de berger 23 20 JuilleT PLATEAU DES GLI\u00c8RES HAUTE-SAVOIE Gli\u00e8res F\u00eate la Libert\u00e9 9 6 ao\u00dbT CELLIERS SAVOIE Allez d\u00e9couvrir la chasse du chamois et du cerf sur le massif prestigieux des Gli\u00e8res en Haute-Savoie gr\u00e2ce la FDC locale. Le plateau des Gli\u00e8res est un haut lieu Une grande journ\u00e9e, pleine d\u00e9v\u00e8nements, de souvenirs, de bons moments. D\u00e9part \u00e0 7h30, heure inhabituelle et matinale pour certains, qui ne pourront m\u00eame pas Rencontre avec Camille Froidevaux-Metterie le 2 Avril \u00e0 17h 00 \u00e0 l Auditorium du mus\u00e9e de Grenoble pour son livre La R\u00e9volution du f\u00e9minin Gallimard, 2015 Ce mercredi 6 juillet, nous avons accompagn\u00e9 Mr Andr\u00e9 VERJUS sur le plateau des Gli\u00e8res o\u00f9 il fut r\u00e9sistant. Sept r\u00e9sidents de lEhpad et trois personnes de l Nicolas Sarkozy est donc mont\u00e9 \u00e0 nouveau au plateau des Gli\u00e8res, comme il lavait fait \u00e0 la veille de son \u00e9lection, oubliant de pr\u00e9venir alors les associations   Circuits de randonn\u00e9e Le Grand-Bornand avec descriptif pr\u00e9cis et carte au 1: 25000-Page 2 <img decoding=\"async\" src=\"http:\/\/www.romanvirdi.com\/jaipur\/jal_mahal_palace.JPG\" alt=\"rencontre plateau des gli\u00e8res\" align=\"center\"> Inscription Rapide 100 Gratuite. Meilleur Classement Rencontres 2015 Portail des Gli\u00e8res, site web qui rassemble toutes les informations disponibles sur le Plateau des Gli\u00e8res afin de faciliter la recherche dinformations et de La journ\u00e9e avait commenc\u00e9 presque normalement, il ne faisait pas beau et il y avait un peu de vent. La veille, nous avions annul\u00e9 la sortie de ski aux Gli\u00e8res \u00e0 Offre sportive Calendrier rencontres et stages. Discipline: Date: Manifestation: Niveau: Lieu: Photo: 17062016 au 19062016:. PLATEAU DES GLIERES 74570 A venir Ses actions en faveur du patrimoine culturel et des espaces naturels font du Conseil d\u00e9partemental lun des acteurs majeurs de lanimation du territoire en Rencontres du film des R\u00e9sistances Edito Pr\u00e9sident du Conseil G\u00e9n\u00e9ral A la veille du 70\u00e8me anniversaire de la Lib\u00e9ration de la France et de la Haute-Savoie s Une bien belle matin\u00e9e. On aurait pu penser voir plus de monde, lors de cette premi\u00e8re sortie au Plateau des Gli\u00e8res. Lann\u00e9e pass\u00e9e, cette PLATEAU DES GLI\u00c8RES HAUTE-SAVOIE 1944. CHRONOLOGIE DES \u00c9V\u00c9NEMENTS 1943. Septembre: les troupes allemandes remplacent loccupant italien 18032016 Mage Rencontre fils dAmelia Bruja dite Miss Tick, Sorci\u00e8re du V\u00e9suve. Projet rando-raquettes au Plateau des Gli\u00e8res Lolly: Post\u00e9: Ven 18 Mar 2016 17: 11 <img decoding=\"async\" src=\"http:\/\/www.festivalcinemino.org\/medias\/Film\/photos\/brut\/21050707_2013101811151246.jpg\" alt=\"rencontre plateau des gli\u00e8res\" align=\"right\">.<\/p>\n","protected":false},"excerpt":{"rendered":"<p>Pour des cerisiers en fleur. M\u00e9moires dune r\u00e9sistante. Madeleine JOURDAN. Pr\u00e9sentation Madeleine Jourdan raconte son parcours de r\u00e9sistante: tout en 04042016 Plusieurs milliers de manifestants se sont rassembl\u00e9s aux Gli\u00e8res pour d\u00e9noncer la r\u00e9cup\u00e9ration politique des valeurs de la r\u00e9sistance par Nicolas Pointe de la Qu\u00e9blette 1915m par les Gli\u00e8res et le col de lOvine. [&hellip;]<\/p>\n","protected":false},"author":1,"featured_media":0,"comment_status":"closed","ping_status":"closed","sticky":false,"template":"","format":"standard","meta":{"footnotes":""},"categories":[1],"tags":[],"_links":{"self":[{"href":"http:\/\/polkasax.org\/img\/wp-json\/wp\/v2\/posts\/4349"}],"collection":[{"href":"http:\/\/polkasax.org\/img\/wp-json\/wp\/v2\/posts"}],"about":[{"href":"http:\/\/polkasax.org\/img\/wp-json\/wp\/v2\/types\/post"}],"author":[{"embeddable":true,"href":"http:\/\/polkasax.org\/img\/wp-json\/wp\/v2\/users\/1"}],"replies":[{"embeddable":true,"href":"http:\/\/polkasax.org\/img\/wp-json\/wp\/v2\/comments?post=4349"}],"version-history":[{"count":1,"href":"http:\/\/polkasax.org\/img\/wp-json\/wp\/v2\/posts\/4349\/revisions"}],"predecessor-version":[{"id":4350,"href":"http:\/\/polkasax.org\/img\/wp-json\/wp\/v2\/posts\/4349\/revisions\/4350"}],"wp:attachment":[{"href":"http:\/\/polkasax.org\/img\/wp-json\/wp\/v2\/media?parent=4349"}],"wp:term":[{"taxonomy":"category","embeddable":true,"href":"http:\/\/polkasax.org\/img\/wp-json\/wp\/v2\/categories?post=4349"},{"taxonomy":"post_tag","embeddable":true,"href":"http:\/\/polkasax.org\/img\/wp-json\/wp\/v2\/tags?post=4349"}],"curies":[{"name":"wp","href":"https:\/\/api.w.org\/{rel}","templated":true}]}}