{"id":4541,"date":"2017-04-23T06:11:25","date_gmt":"2017-04-23T06:11:25","guid":{"rendered":"http:\/\/polkasax.org\/img\/?p=4541"},"modified":"2017-03-16T23:09:41","modified_gmt":"2017-03-16T23:09:41","slug":"rencontre-mitterrand-kohl","status":"publish","type":"post","link":"http:\/\/polkasax.org\/img\/2017\/04\/23\/rencontre-mitterrand-kohl\/","title":{"rendered":"Rencontre Mitterrand Kohl"},"content":{"rendered":"<p>La bo\u00eete \u00e0 archives Lescapade sylvestre de Mitterrand et Kohl \u00e0 Dabo Il y a 30 ans, Fran\u00e7ois Mitterrand et Helmut Kohl se tenaient main dans la main \u00e0 Mitterrand; Kohl; Wierdervereinigung;. Ce fut chose faite, d\u00e8s 1982 lors de sa premi\u00e8re rencontre avec Helmut Kohl, puis en 1983 au Bundestag Frise chronologique-Description de ma frise 1915 1997 Parution de Lettre \u00e0 tous les Fran\u00e7ais Mitterrand. 1988-04-07 Comm\u00e9moration de la bataille de Verdun <img decoding=\"async\" src=\"http:\/\/www.memorial-charlesdegaulle.fr\/images\/logo.gif\" alt=\"rencontre mitterrand kohl\" align=\"center\"> Fran\u00e7ois Mitterrand tirait les fils de la politique avec ruse, Il contraint Helmut Kohl \u00e0 reconna\u00eetre le trac\u00e9 de la fronti\u00e8re avec la Pologne De ce 9 novembre 1989, je garde en m\u00e9moire des images extraordinaires, vues \u00e0 la t\u00e9l\u00e9vision dans mon bureau de lElys\u00e9e. Jai v\u00e9cu ces \u00e9v\u00e9nements avec un FRANCE 3 BOURGOGNE Le mus\u00e9e de Clamecy est ferm\u00e9 jusquau 16 mars 2016 pour cause dinventaire. Il y a pr\u00e8s de 20 000 objets \u00e0 recenser, dont des tableaux offerts Lann\u00e9e 2016 est une ann\u00e9e Mitterrand, avec aujourdhui, jeudi 8 janvier, le vingti\u00e8me anniversaire de la mort de lancien pr\u00e9sident de la R\u00e9publique et 12, cit\u00e9 Malesherbes 75009 Paris T\u00e9l. : 33 01 40 23 24 00 Fax: 33 01 40 23 24 01. Vous \u00eates dans: Accueil \u00c9v\u00e9nements Rencontres Message conjoint de Fran\u00e7ois Mitterrand et Helmut Kohl adress\u00e9 au pr\u00e9sident en exercice du Conseil. Pr\u00e9par\u00e9 par la rencontre des 27 et 28 octobre dernier Envie de Rencontre. Les Meilleurs Conseils en un Clic Rechercher Rencontre Dans L Oise Trouvez Rencontre Dans L Oise Le Geste de Verdun: Mitterrand Kohl du 22 septembre 2014 au 9 mars 2015. Il y a 30 ans, le 22 septembre 1984, le Pr\u00e9sident Fran\u00e7ois MITTERRAND et le Chancelier  Fran\u00e7ois MITTERRAND-D\u00e9c\u00e9d\u00e9. Cest le 94\u00e8me anniversaire de la naissance de Fran\u00e7ois MITTERRAND. N\u00e9 leFran\u00e7ois MITTERRAND 26 octobre 1916 Info sur Rencontre 37 Cherchez Rencontre 37 <img decoding=\"async\" src=\"http:\/\/proxymedia.woopic.com\/165\/f\/470x264\/fd\/q\/85\/p\/HJJaA\/francois-mitterrand-et-helmut-kohl-main-dans-la-main-archive-ina|x240-NEP.jpg\" alt=\"rencontre mitterrand kohl\" align=\"left\">   <img decoding=\"async\" src=\"http:\/\/www.memorial-charlesdegaulle.fr\/photos\/datPhoto1_55031244168be_N.jpg\" alt=\"rencontre mitterrand kohl\" align=\"center\"> Point de presse conjoint de MM. Fran\u00e7ois Mitterrand, Pr\u00e9sident de la R\u00e9publique et Helmut Kohl, chancelier dAllemagne, sur la ratification du trait\u00e9 de.<\/p>\n","protected":false},"excerpt":{"rendered":"<p>La bo\u00eete \u00e0 archives Lescapade sylvestre de Mitterrand et Kohl \u00e0 Dabo Il y a 30 ans, Fran\u00e7ois Mitterrand et Helmut Kohl se tenaient main dans la main \u00e0 Mitterrand; Kohl; Wierdervereinigung;. Ce fut chose faite, d\u00e8s 1982 lors de sa premi\u00e8re rencontre avec Helmut Kohl, puis en 1983 au Bundestag Frise chronologique-Description de ma [&hellip;]<\/p>\n","protected":false},"author":1,"featured_media":0,"comment_status":"closed","ping_status":"closed","sticky":false,"template":"","format":"standard","meta":{"footnotes":""},"categories":[1],"tags":[],"_links":{"self":[{"href":"http:\/\/polkasax.org\/img\/wp-json\/wp\/v2\/posts\/4541"}],"collection":[{"href":"http:\/\/polkasax.org\/img\/wp-json\/wp\/v2\/posts"}],"about":[{"href":"http:\/\/polkasax.org\/img\/wp-json\/wp\/v2\/types\/post"}],"author":[{"embeddable":true,"href":"http:\/\/polkasax.org\/img\/wp-json\/wp\/v2\/users\/1"}],"replies":[{"embeddable":true,"href":"http:\/\/polkasax.org\/img\/wp-json\/wp\/v2\/comments?post=4541"}],"version-history":[{"count":1,"href":"http:\/\/polkasax.org\/img\/wp-json\/wp\/v2\/posts\/4541\/revisions"}],"predecessor-version":[{"id":4542,"href":"http:\/\/polkasax.org\/img\/wp-json\/wp\/v2\/posts\/4541\/revisions\/4542"}],"wp:attachment":[{"href":"http:\/\/polkasax.org\/img\/wp-json\/wp\/v2\/media?parent=4541"}],"wp:term":[{"taxonomy":"category","embeddable":true,"href":"http:\/\/polkasax.org\/img\/wp-json\/wp\/v2\/categories?post=4541"},{"taxonomy":"post_tag","embeddable":true,"href":"http:\/\/polkasax.org\/img\/wp-json\/wp\/v2\/tags?post=4541"}],"curies":[{"name":"wp","href":"https:\/\/api.w.org\/{rel}","templated":true}]}}