{"id":4725,"date":"2017-04-24T17:22:53","date_gmt":"2017-04-24T17:22:53","guid":{"rendered":"http:\/\/polkasax.org\/img\/?p=4725"},"modified":"2017-03-17T02:19:31","modified_gmt":"2017-03-17T02:19:31","slug":"rencontre-pays-de-gex","status":"publish","type":"post","link":"http:\/\/polkasax.org\/img\/2017\/04\/24\/rencontre-pays-de-gex\/","title":{"rendered":"Rencontre Pays De Gex"},"content":{"rendered":"<p>THEME DE LA SAISON: Amour, litt\u00e9rature, op\u00e9ra. Les \u0153uvres qui ont inspir\u00e9 des op\u00e9ras c\u00e9l\u00e8bres-DEUXIEME RENCONTRE DE PRINTEMPS: mardi 10 mai 2016 <img decoding=\"async\" src=\"http:\/\/s-www.leprogres.fr\/images\/966D8A82-1413-40DF-B5B2-7FBC7A4EADDD\/LPR_v1_02\/une-association-du-pays-de-gex-est-venue-m-aider-depuis-je-revis-confie-simplement-marc-martin-photo-le-dl-1450251431.jpg\" alt=\"rencontre pays de gex\" align=\"center\">  9h 30-14h Rencontre des pr\u00eatres du pays de Gex \u00e0 Divonne. Vendredi 5 mars. 20h 30 Conseil Pastoral Aum\u00f4nerie Pays de Gex \u00e0 Ferney. 20h Association Culturelle-CENTRE CULTUREL DES MUSULMANS DU PAYS DE GEX CROZET. R\u00e9sultats 1-1 sur 1 0. 001 s <img decoding=\"async\" src=\"http:\/\/i19.servimg.com\/u\/f19\/14\/67\/61\/57\/pubdon10.jpg\" alt=\"rencontre pays de gex\" align=\"center\"> Annonces de Rencontre sur Gex et tout le d\u00e9partement de l Ain 01-Rencontre Bourg-en-Bresse Chorale le Pays de Gex. 2008 Impostures 2008 Rencontre 2009 Th\u00e8me Cin\u00e9ma 2009 Tunisie. Accueil; La chorale. Objectifs; Direction musicale; Historique; Statuts Pour tout renseignement, vous pouvez nous contacter au 04 50 42 81 92 ou au 06 79 32 87 66. Vous pouvez \u00e9galement nous contacter via le formulaire ci-dessous Alors que tout se passait \u00e0 merveille dans la Dombes, tout le monde syndicats, professeurs de lESPE, coll\u00e8gues, camarades mannon\u00e7ait que A Pays de Gex-Bellegarde et dans le 01, vous pouvez sortir et vous divertir facilement. Pour cela, consultez toutes les id\u00e9es de sortie r\u00e9pertori\u00e9es par le site  MEMOVISION dans le Pays de Gex; RENCONTRE CINE PASSION. Les expositions dans le Pays de Gex et Gen\u00e8ve; Les films \u00e0 voir dans la r\u00e9gion l\u00e9manique Trouvez 50 sites similaires \u00e0 Cc-pays-de-gex. Fr De, Gex et Communes. Les sites les plus similaires \u00e0 Cc-pays-de-gex sont: Aibl. Fr, Docsciences. Fr et Drde. Fr  Au coeur du Pays de Gex, un lieu de rencontre et daccueil pour les tout-petits et leurs parents Un article du journal l\u00e8ve-toi et marche sur le P\u00e9dibus et V\u00e9libus parle de deux initiatives du Pays de Gex qui se sont h\u00e9las arr\u00eat\u00e9es 11 jours aller-retour 09 nuits sur place-Nos s\u00e9jours-www Lepaysgessien. Fr Cherchez Rencontre Pays De Gex Trouvez Rencontre Pays De Gex AIN-RENCONTRE. COM, les rencontres proches de dans l Ain, Les echets, Merignat, Montmerle-sur-saone, Sandrans, Amberieux-en-dombes, etc. Dans l La PNL un nouveau mode de communication avec soi-m\u00eame et les autres. Un langage verbal et non-verbal que nous utilisons pour communiquer avec les autres Partez \u00e0 la rencontre dhommes et de femmes de gex sur PointsCommuns, site de rencontres s\u00e9rieuses par affinit\u00e9s \u00e0 gex Le CCMPG vous informe qu\u00e0 loccasion de Aid El Adha 2013, nous continuerons \u00e0 aider \u00e0 lorganisation du sacrifice. Il ny aura pas de journ\u00e9e de r\u00e9servation MEMOVISION dans le Pays de Gex; RENCONTRE CINE PASSION. Les expositions dans le Pays de Gex et Gen\u00e8ve; Les films \u00e0 voir dans la r\u00e9gion l\u00e9manique Gex est une ville fran\u00e7aise, situ\u00e9e dans le d\u00e9partement de lAin et la r\u00e9gion du Rh\u00f4ne-Alpes. Ses habitants sont appel\u00e9s les gexois et les gexoises 18112012 Gravi\u00e8res et sabli\u00e8res. Une id\u00e9e de la profondeur.. Mes photos sur ma galerie Flickr-http: www Flickr. Comphotosthomas-gavaggio La difficult\u00e9 se Drague, d\u00e9couvrez 825 lieux de sortie gay en France. Gex, venez y faire un tour Mariage de Sophie R\u00e9my Lamour \u00e0 l\u00e9tat pur Lamour, cest rire, cest sourire, cest grandir, cest sembellir, cest m\u00fbrir et vieillir et surtout <img decoding=\"async\" src=\"http:\/\/julie-bellot-photographe.com\/wp-content\/uploads\/2014\/05\/enfant1.jpg\" alt=\"rencontre pays de gex\" align=\"left\"> 3\u00e8me Rencontre Croque-Loisirs, id\u00e9e de sortie pour enfants avec Croque loisirs, annuaire des manifestations culturelles et de loisirs. Activit\u00e9s du pays de Gex.<\/p>\n","protected":false},"excerpt":{"rendered":"<p>THEME DE LA SAISON: Amour, litt\u00e9rature, op\u00e9ra. Les \u0153uvres qui ont inspir\u00e9 des op\u00e9ras c\u00e9l\u00e8bres-DEUXIEME RENCONTRE DE PRINTEMPS: mardi 10 mai 2016 9h 30-14h Rencontre des pr\u00eatres du pays de Gex \u00e0 Divonne. Vendredi 5 mars. 20h 30 Conseil Pastoral Aum\u00f4nerie Pays de Gex \u00e0 Ferney. 20h Association Culturelle-CENTRE CULTUREL DES MUSULMANS DU PAYS DE [&hellip;]<\/p>\n","protected":false},"author":1,"featured_media":0,"comment_status":"closed","ping_status":"closed","sticky":false,"template":"","format":"standard","meta":{"footnotes":""},"categories":[1],"tags":[],"_links":{"self":[{"href":"http:\/\/polkasax.org\/img\/wp-json\/wp\/v2\/posts\/4725"}],"collection":[{"href":"http:\/\/polkasax.org\/img\/wp-json\/wp\/v2\/posts"}],"about":[{"href":"http:\/\/polkasax.org\/img\/wp-json\/wp\/v2\/types\/post"}],"author":[{"embeddable":true,"href":"http:\/\/polkasax.org\/img\/wp-json\/wp\/v2\/users\/1"}],"replies":[{"embeddable":true,"href":"http:\/\/polkasax.org\/img\/wp-json\/wp\/v2\/comments?post=4725"}],"version-history":[{"count":1,"href":"http:\/\/polkasax.org\/img\/wp-json\/wp\/v2\/posts\/4725\/revisions"}],"predecessor-version":[{"id":4726,"href":"http:\/\/polkasax.org\/img\/wp-json\/wp\/v2\/posts\/4725\/revisions\/4726"}],"wp:attachment":[{"href":"http:\/\/polkasax.org\/img\/wp-json\/wp\/v2\/media?parent=4725"}],"wp:term":[{"taxonomy":"category","embeddable":true,"href":"http:\/\/polkasax.org\/img\/wp-json\/wp\/v2\/categories?post=4725"},{"taxonomy":"post_tag","embeddable":true,"href":"http:\/\/polkasax.org\/img\/wp-json\/wp\/v2\/tags?post=4725"}],"curies":[{"name":"wp","href":"https:\/\/api.w.org\/{rel}","templated":true}]}}